{"id":2159,"date":"2018-08-28T10:02:11","date_gmt":"2018-08-28T08:02:11","guid":{"rendered":"https:\/\/www.adriaticainfortuni.it\/?p=2159"},"modified":"2018-10-04T13:56:13","modified_gmt":"2018-10-04T13:56:13","slug":"buca-non-segnalata-sul-marciapiede-condominiale-responsabilita-del-condominio","status":"publish","type":"post","link":"https:\/\/www.adriaticainfortuni.it\/news\/buca-non-segnalata-sul-marciapiede-condominiale-responsabilita-del-condominio\/","title":{"rendered":"Buca non segnalata sul marciapiede condominiale: responsabilit\u00e0 del condominio"},"content":{"rendered":"<p>Per i danni arrecati ai passanti dalla buca presente sul marciapiede condominiale risponde il condominio: per la Cassazione\u00a0<em>lo stato di \u201cgenerale ed evidente dissesto\u201d della strada e del marciapiede non pu\u00f2 valere come \u201cgaranzia di irresponsabilit\u00e0\u201d del custode.<\/em><\/p>\n<p>La Corte di Cassazione con <a href=\"http:\/\/www.cortedicassazione.it\/corte-di-cassazione\"><u>ordinanza n. 20194\/2018<\/u><\/a> ha chiarito che le condizioni di dissesto della strada e del marciapiede antistanti il condominio non valgono come scusante e che il comportamento imprudente del danneggiato vale ad interrompere il nesso causale tra danno e sinistro soltanto quando abbia avuto efficienza causale nella produzione del danno.<\/p>\n<p><strong>IL CASO<\/strong>: una donna, scendendo dall\u2019autovettura, cadeva a causa del dissesto del marciapiede ed agiva giudizialmente per ottenere il risarcimento dei danni subiti in conseguenza della caduta. LA domanda veniva rigettata nel merito, pertanto la danneggiata ricorreva per Cassazione, adducendo che la i giudici dell\u2019appello avessero erroneamente interpretato <a href=\"https:\/\/www.brocardi.it\/codice-civile\/libro-quarto\/titolo-ix\/art2051.html\"><u>l\u2019art. 2051 c.c.<\/u><\/a> riguardo agli obblighi gravanti sul custode.<\/p>\n<p><strong>LA DECISIONE: <\/strong>la Suprema Corte ha accolto il ricorso poich\u00e9 la condotta della donna non interrompeva il nesso eziologico tra fatto e danno, atteso che il suo comportamento non ha avuto esclusiva efficienza causale nella causazione del sinistro: la condotta del danneggiato infatti va valutata diversamente a seconda del grado di incidenza causale sull\u2019evento \u2013 danno in applicazione dell\u2019 <a href=\"https:\/\/www.brocardi.it\/codice-civile\/libro-quarto\/titolo-i\/capo-iii\/art1227.html\"><u>art. 1227 comma 1 c.c<\/u>.<\/a> \u201c..<em>quanto pi\u00f9 la situazione di possibile danno \u00e8 suscettibile di essere prevista e superata attraverso l\u2019adozione da parte del danneggiato delle cautele normalmente attese e prevedibili in rapporto alle circostanze, tanto pi\u00f9 incidente dovr\u00e0 considerarsi l\u2019efficienza causale del comportamento imprudente del medesimo nel dinamismo causale del danno<\/em>\u201d<\/p>\n<p>&nbsp;<\/p>\n<p>Inoltre il \u201cgenerale ed evidente dissesto non pu\u00f2 valere a superare gli obblighi di responsabilit\u00e0 del custode: anche se lo stato di degrado ed abbandono di talune strade \u00e8 ben conosciuto da tutti (si pensi a tutti i recenti casi di cronaca legati a sinistri provocati dalle buche stradali) ci\u00f2 non pu\u00f2 essere utilizzato dal custode come se fosse una \u201cgaranzia di irresponsabilit\u00e0\u201d<\/p>\n<p>Pertanto, accolto il ricorso, la sentenza della Corte territoriale \u00e8 stata cassata con rinvio.<\/p>\n","protected":false},"excerpt":{"rendered":"<p>Per i danni arrecati ai passanti dalla buca presente sul marciapiede condominiale risponde il condominio: per la Cassazione\u00a0lo stato di \u201cgenerale ed evidente dissesto\u201d della strada e del marciapiede non pu\u00f2 valere come \u201cgaranzia di irresponsabilit\u00e0\u201d del custode. La Corte di Cassazione con ordinanza n. 20194\/2018 ha chiarito che le condizioni di dissesto della strada e del marciapiede antistanti il condominio non valgono come scusante e che il comportamento imprudente del danneggiato vale ad interrompere il nesso causale tra danno e sinistro soltanto quando abbia avuto efficienza causale nella produzione del danno. IL CASO: una donna, scendendo dall\u2019autovettura, cadeva a [&hellip;]<\/p>\n","protected":false},"author":1,"featured_media":2160,"comment_status":"open","ping_status":"open","sticky":false,"template":"","format":"standard","meta":{"footnotes":""},"categories":[524],"tags":[526,561,996,896,1054,572,541,1070,609,559,574],"class_list":["post-2159","post","type-post","status-publish","format-standard","has-post-thumbnail","hentry","category-news","tag-adriatica-infortuni","tag-assistenza-legale","tag-buca-stradale","tag-caduta-a-causa-di-una-buca","tag-consulenza-legale","tag-corte-di-cassazione","tag-mancata-manutenzione-strade","tag-responsabilita-del-condominio","tag-ricorso","tag-risarcimento","tag-sentenza"],"_links":{"self":[{"href":"https:\/\/www.adriaticainfortuni.it\/news\/wp-json\/wp\/v2\/posts\/2159","targetHints":{"allow":["GET"]}}],"collection":[{"href":"https:\/\/www.adriaticainfortuni.it\/news\/wp-json\/wp\/v2\/posts"}],"about":[{"href":"https:\/\/www.adriaticainfortuni.it\/news\/wp-json\/wp\/v2\/types\/post"}],"author":[{"embeddable":true,"href":"https:\/\/www.adriaticainfortuni.it\/news\/wp-json\/wp\/v2\/users\/1"}],"replies":[{"embeddable":true,"href":"https:\/\/www.adriaticainfortuni.it\/news\/wp-json\/wp\/v2\/comments?post=2159"}],"version-history":[{"count":2,"href":"https:\/\/www.adriaticainfortuni.it\/news\/wp-json\/wp\/v2\/posts\/2159\/revisions"}],"predecessor-version":[{"id":30696,"href":"https:\/\/www.adriaticainfortuni.it\/news\/wp-json\/wp\/v2\/posts\/2159\/revisions\/30696"}],"wp:featuredmedia":[{"embeddable":true,"href":"https:\/\/www.adriaticainfortuni.it\/news\/wp-json\/wp\/v2\/media\/2160"}],"wp:attachment":[{"href":"https:\/\/www.adriaticainfortuni.it\/news\/wp-json\/wp\/v2\/media?parent=2159"}],"wp:term":[{"taxonomy":"category","embeddable":true,"href":"https:\/\/www.adriaticainfortuni.it\/news\/wp-json\/wp\/v2\/categories?post=2159"},{"taxonomy":"post_tag","embeddable":true,"href":"https:\/\/www.adriaticainfortuni.it\/news\/wp-json\/wp\/v2\/tags?post=2159"}],"curies":[{"name":"wp","href":"https:\/\/api.w.org\/{rel}","templated":true}]}}